{"id":1,"date":"2021-04-15T13:18:00","date_gmt":"2021-04-15T11:18:00","guid":{"rendered":"http:\/\/ecwebdev01\/wordpress\/?p=1"},"modified":"2022-01-14T11:59:08","modified_gmt":"2022-01-14T10:59:08","slug":"hej-varlden","status":"publish","type":"post","link":"https:\/\/www.ekuc.se\/wordpress\/index.php\/2021\/04\/15\/hej-varlden\/","title":{"rendered":"V\u00e4lkommen till Ekumeniska centrets hemsida!"},"content":{"rendered":"\n<p>2021 lanserade Ekumeniska Centret en ny hemsida. Vi har nu m\u00f6jlighet att erbjuda tj\u00e4nster till fr\u00e4mst ideella organisationer som har kontakt med n\u00e5gon av centrets medlemmar. Du kan hyra en flexarbetsplats till f\u00f6rm\u00e5nligt pris, och \u00e4ven boka m\u00f6ten och konferenser. <\/p>\n\n\n\n<p>Vi har en mycket noggrann hantering p\u00e5 grund av coronapandemin, och vi har lyckats h\u00e5lla centret tillg\u00e4ngligt f\u00f6r medarbetarna under den h\u00e4r perioden. Det inneb\u00e4r att vi har strikta regler b\u00e5de f\u00f6r medarbetare och g\u00e4ster. G\u00e4ster f\u00e5r detaljerad information innan m\u00f6te, och ledsagas vid ankomst till aktuellt m\u00f6tesrum. I hanteringen ing\u00e5r extra st\u00e4dning och tillg\u00e4ngliga hygienartiklar. G\u00e4ster f\u00e5r \u00e4ven hj\u00e4lp n\u00e4r de ska l\u00e4mna lokalerna. Generellt uppmuntrar vi digitala m\u00f6ten.   <\/p>\n\n\n\n<figure class=\"wp-block-image size-large is-resized\"><img loading=\"lazy\" decoding=\"async\" src=\"http:\/\/ecwebdev01\/wordpress\/wp-content\/uploads\/2021\/02\/EC_logo.png\" alt=\"\" class=\"wp-image-78\" width=\"392\" height=\"237\" srcset=\"https:\/\/www.ekuc.se\/wordpress\/wp-content\/uploads\/2021\/02\/EC_logo.png 497w, https:\/\/www.ekuc.se\/wordpress\/wp-content\/uploads\/2021\/02\/EC_logo-300x182.png 300w\" sizes=\"auto, (max-width: 392px) 100vw, 392px\" \/><\/figure>\n","protected":false},"excerpt":{"rendered":"<p>2021 lanserade Ekumeniska Centret en ny hemsida. Vi har nu m\u00f6jlighet att erbjuda tj\u00e4nster till fr\u00e4mst ideella organisationer som har kontakt med n\u00e5gon av centrets medlemmar. Du kan hyra en flexarbetsplats till f\u00f6rm\u00e5nligt pris, och \u00e4ven boka m\u00f6ten och konferenser. Vi har en mycket noggrann hantering p\u00e5 grund av coronapandemin, och vi har lyckats h\u00e5lla &hellip; <\/p>\n<p class=\"link-more\"><a href=\"https:\/\/www.ekuc.se\/wordpress\/index.php\/2021\/04\/15\/hej-varlden\/\" class=\"more-link\">Forts\u00e4tt l\u00e4sa<span class=\"screen-reader-text\"> \u201dV\u00e4lkommen till Ekumeniska centrets hemsida!\u201d<\/span><\/a><\/p>\n","protected":false},"author":6,"featured_media":0,"comment_status":"open","ping_status":"open","sticky":false,"template":"","format":"standard","meta":{"footnotes":""},"categories":[1],"tags":[],"class_list":["post-1","post","type-post","status-publish","format-standard","hentry","category-okategoriserade"],"_links":{"self":[{"href":"https:\/\/www.ekuc.se\/wordpress\/index.php\/wp-json\/wp\/v2\/posts\/1","targetHints":{"allow":["GET"]}}],"collection":[{"href":"https:\/\/www.ekuc.se\/wordpress\/index.php\/wp-json\/wp\/v2\/posts"}],"about":[{"href":"https:\/\/www.ekuc.se\/wordpress\/index.php\/wp-json\/wp\/v2\/types\/post"}],"author":[{"embeddable":true,"href":"https:\/\/www.ekuc.se\/wordpress\/index.php\/wp-json\/wp\/v2\/users\/6"}],"replies":[{"embeddable":true,"href":"https:\/\/www.ekuc.se\/wordpress\/index.php\/wp-json\/wp\/v2\/comments?post=1"}],"version-history":[{"count":3,"href":"https:\/\/www.ekuc.se\/wordpress\/index.php\/wp-json\/wp\/v2\/posts\/1\/revisions"}],"predecessor-version":[{"id":321,"href":"https:\/\/www.ekuc.se\/wordpress\/index.php\/wp-json\/wp\/v2\/posts\/1\/revisions\/321"}],"wp:attachment":[{"href":"https:\/\/www.ekuc.se\/wordpress\/index.php\/wp-json\/wp\/v2\/media?parent=1"}],"wp:term":[{"taxonomy":"category","embeddable":true,"href":"https:\/\/www.ekuc.se\/wordpress\/index.php\/wp-json\/wp\/v2\/categories?post=1"},{"taxonomy":"post_tag","embeddable":true,"href":"https:\/\/www.ekuc.se\/wordpress\/index.php\/wp-json\/wp\/v2\/tags?post=1"}],"curies":[{"name":"wp","href":"https:\/\/api.w.org\/{rel}","templated":true}]}}